{"id":5188,"date":"2024-11-21T19:26:30","date_gmt":"2024-11-21T18:26:30","guid":{"rendered":"https:\/\/brillancy.hu\/gyemant-gyuru-14-erdekes-teny-melyet-erdemes-elolvasnod-ha-erdekel-a-tema\/"},"modified":"2024-11-21T19:26:30","modified_gmt":"2024-11-21T18:26:30","slug":"gyemant-gyuru-14-erdekes-teny-melyet-erdemes-elolvasnod-ha-erdekel-a-tema","status":"publish","type":"post","link":"https:\/\/brillancy.hu\/en\/gyemant-gyuru-14-erdekes-teny-melyet-erdemes-elolvasnod-ha-erdekel-a-tema\/","title":{"rendered":"Diamond ring: 14 interesting facts that are worth to read it, if you are interested in the topic"},"content":{"rendered":"<h2 class=\"MsoNormal\" style=\"margin-bottom: 0.0001pt;\"><span lang=\"HU\">Tudtad, hogy India egyes r\u00e9szein az eljegyz\u00e9sre sz\u00e1nt gy\u00e9m\u00e1nt gy\u0171r\u0171k helyett a bichiya-t, azaz l\u00e1bujj gy\u0171r\u0171t hordanak?<\/span><\/h2>\n<p class=\"MsoNormal\" style=\"margin-bottom: 0.0001pt;\"><span lang=\"HU\">\u00a0<\/span><!-- [if !supportLists]--><span lang=\"HU\">1.<span style=\"font-stretch: normal; font-size: 7pt; font-family: 'Times New Roman';\">\u00a0\u00a0<\/span><\/span><span lang=\"HU\">A gy\u00e9m\u00e1nt gy\u0171r\u0171 haszn\u00e1lat\u00e1t mitikus legend\u00e1k szerint az Egyiptomiak kezdt\u00e9k el. 3000 \u00e9vvel ezel\u0151tt egy f\u00e1ra\u00f3 k\u00f6r alak\u00fa gy\u0171r\u0171t adott a kedves\u00e9nek. A k\u00f6r a v\u00e9gtelens\u00e9get, \u00f6r\u00f6kk\u00e9val\u00f3s\u00e1got szimboliz\u00e1lta \u00e9s \u00edgy fejezte ki szeretet\u00e9t az im\u00e1dott n\u0151 ir\u00e1nt.<\/span><\/p>\n<p class=\"MsoListParagraphCxSpMiddle\" style=\"margin: 0in 0in 0.0001pt 0.25in; text-indent: -0.25in;\"><!-- [if !supportLists]--><span lang=\"HU\">2.<span style=\"font-stretch: normal; font-size: 7pt; font-family: 'Times New Roman';\">\u00a0\u00a0 <\/span><\/span><span lang=\"HU\">Azt m\u00e1r biztosan tudjuk, hogy a r\u00f3maiak biztosan hordtak eljegyz\u00e9si gy\u0171r\u0171t, de legt\u00f6bb esetben vasb\u00f3l k\u00e9sz\u00fclt \u00e9s a t\u00e9nyleges eljegyz\u00e9si szerz\u0151d\u00e9st tan\u00fas\u00edtotta &#8211; t\u00f6bbnyire vasb\u00f3l k\u00e9sz\u00fclt.<\/span><\/p>\n<p class=\"MsoListParagraphCxSpMiddle\" style=\"margin: 0in 0in 0.0001pt 0.25in; text-indent: -0.25in;\"><!-- [if !supportLists]--><span lang=\"HU\">3.<span style=\"font-stretch: normal; font-size: 7pt; font-family: 'Times New Roman';\">\u00a0\u00a0<\/span><\/span><span lang=\"HU\">Angli\u00e1ban a bal k\u00e9z gy\u0171r\u0171sujj\u00e1n hordj\u00e1k a\u00a0<\/span><span style=\"font-size: 12px; text-indent: -24px;\">\u00a0gy\u00e9m\u00e1nt <\/span><span style=\"text-indent: -0.25in; font-size: 12px;\">gy\u0171r\u0171t eg\u00e9sz \u00e9let\u00fckben \u2013 ellent\u00e9tben Magyarorsz\u00e1ggal, ahol esk\u00fcv\u0151 alkalm\u00e1val az eljegyz\u00e9si \u00e9s karikagy\u0171r\u0171 \u00e1tker\u00fcl a jobb oldalra.<\/span><\/p>\n<p class=\"MsoListParagraphCxSpMiddle\" style=\"margin: 0in 0in 0.0001pt 0.25in; text-indent: -0.25in;\"><!-- [if !supportLists]--><span lang=\"HU\">4.<span style=\"font-stretch: normal; font-size: 7pt; font-family: 'Times New Roman';\">\u00a0\u00a0<\/span><\/span><span lang=\"HU\">A F\u00f6ld 4,5 milli\u00e1rd \u00e9ves. A legt\u00f6bb gy\u00e9m\u00e1nt 3,5 milli\u00e1rd \u00e9ve krist\u00e1lyosodott. A legfiatalabbak is 900 milli\u00f3 \u00e9vesek. R\u00e9g\u00f3ta itt vannak m\u00e1r a F\u00f6ld\u00f6n, sok mindent l\u00e1ttak m\u00e1r \u00e9s m\u00e9g sok\u00e1ig itt is lesznek. Izgalmas elj\u00e1tszani a gondolattal, hogy az ujjunkon hordott <a href=\"https:\/\/brillancy.hu\/\">eljegyz\u00e9si gy\u0171r\u0171<\/a> gy\u00e9m\u00e1ntk\u00f6v\u00e9nek bels\u0151 vil\u00e1ga mikroszk\u00f3p alatt val\u00f3di f\u00f6ldt\u00f6rt\u00e9neti kir\u00e1ndul\u00e1st jelenthet. Mennyi mindent l\u00e1thatott vajon ez a k\u0151?<\/span><\/p>\n<p class=\"MsoListParagraphCxSpMiddle\" style=\"margin: 0in 0in 0.0001pt 0.25in; text-indent: -0.25in;\"><!-- [if !supportLists]--><span lang=\"HU\">5.<span style=\"font-stretch: normal; font-size: 7pt; font-family: 'Times New Roman';\">\u00a0\u00a0<\/span><\/span><span lang=\"HU\">N\u00e9metorsz\u00e1gban hagyom\u00e1nyosan a bal k\u00e9z az eljegyz\u00e9si gy\u0171r\u0171k helye, majd esk\u00fcv\u0151 ut\u00e1n jobb k\u00e9z azonos ujj\u00e1ra veszik \u00e1t. Val\u00f3sz\u00edn\u0171 innen vett\u00fck mi is \u00e1t ezt a szok\u00e1st.<\/span><\/p>\n<p class=\"MsoListParagraphCxSpMiddle\" style=\"margin: 0in 0in 0.0001pt 0.25in; text-indent: -0.25in;\"><!-- [if !supportLists]--><span lang=\"HU\">6.<span style=\"font-stretch: normal; font-size: 7pt; font-family: 'Times New Roman';\">\u00a0\u00a0<\/span><\/span><span lang=\"HU\">Igazolhat\u00f3an az 1459-ben sz\u00fcletett I. Miksa n\u00e9met-r\u00f3mai cs\u00e1sz\u00e1r, n\u00e9met kir\u00e1ly \u00e9s Ausztria f\u0151hercege eljegyz\u00e9si aj\u00e1nd\u00e9ka volt az els\u0151 apr\u00f3 gy\u00e9m\u00e1ntokkal d\u00edsz\u00edtett <a href=\"https:\/\/brillancy.hu\/\">eljegyz\u00e9si gy\u0171r\u0171<\/a>, melyet 1477-ben Burgundi M\u00e1ri\u00e1nak adott.<\/span><\/p>\n<p class=\"MsoListParagraphCxSpMiddle\" style=\"margin: 0in 0in 0.0001pt 0.25in; text-indent: -0.25in;\"><!-- [if !supportLists]--><span lang=\"HU\">7.<span style=\"font-stretch: normal; font-size: 7pt; font-family: 'Times New Roman';\">\u00a0\u00a0<\/span><\/span><span lang=\"HU\">Kor\u00e1bbi \u00e9vsz\u00e1zadokban az eljegyz\u00e9si gy\u0171r\u0171 anyaga a s\u00e1rga arany mellett az ez\u00fcst volt. A foglalat k\u00e9sz\u00fclt ez\u00fcstb\u0151l. A feh\u00e9rarany eljegyz\u00e9si gy\u0171r\u0171 akkor m\u00e9g nem l\u00e9tezett. Az ez\u00fcst jobban kiemelte a gy\u00e9m\u00e1nt sz\u00edn\u00e9t. Ez a szok\u00e1s a 15. sz\u00e1zad v\u00e9g\u00e9n Velenc\u00e9ben vette kezdet\u00e9t.<\/span><\/p>\n<p class=\"MsoListParagraphCxSpMiddle\" style=\"margin: 0in 0in 0.0001pt 0.25in; text-indent: -0.25in;\"><!-- [if !supportLists]--><span lang=\"HU\">8.<span style=\"font-stretch: normal; font-size: 7pt; font-family: 'Times New Roman';\">\u00a0\u00a0<\/span><\/span><span lang=\"HU\">Az USA-ban sokszor el\u0151fordul, hogy csak a n\u0151 hord eljegyz\u00e9si gy\u0171r\u0171t. Persze annak az\u00e9rt megadj\u00e1k a m\u00f3dj\u00e1t. Egy\u00e9bk\u00e9nt az USA-ban a <a href=\"https:\/\/brillancy.hu\/termekeink\/gyemant-gyuruk-egyenisegre-szabva\/dinamikusan-modern\">feh\u00e9rarany eljegyz\u00e9si gy\u0171r\u0171<\/a> messze a legn\u00e9pszer\u0171bb ez egy\u00e9b sz\u00ednek k\u00f6z\u00f6tt.<\/span><\/p>\n<p class=\"MsoListParagraphCxSpMiddle\" style=\"margin-left: .25in; mso-add-space: auto; text-indent: -.25in; mso-list: l0 level1 lfo1;\"><span lang=\"HU\">9.<span style=\"font-stretch: normal; font-size: 7pt; font-family: 'Times New Roman';\">\u00a0\u00a0\u00a0\u00a0\u00a0\u00a0 <\/span><\/span><!--[endif]--><span lang=\"HU\">A k\u00f6ztudatban elterjedt az a f\u00e9lre\u00e9rt\u00e9s, hogy a gy\u00e9m\u00e1nt t\u00f6rhetetlen. Ez nincs \u00edgy, legal\u00e1bbis nem minden esetben. A gy\u00e9m\u00e1nt n\u00f6veked\u00e9se k\u00f6zben ritk\u00e1n kialakulhat bels\u0151 fesz\u00fclts\u00e9g vagy rossz helyre be\u00e9kel\u0151dhet valamilyen z\u00e1rv\u00e1ny. \u0150k nem a bar\u00e1taink. K\u00fcl\u00f6n\u00f6sen a gy\u00e9m\u00e1ntcsiszol\u00f3k vagy dr\u00e1gak\u0151foglal\u00f3k nem lelkesednek \u00e9rt\u00fck. A Brillancy \u00c9kszer \u00e1ltal forgalmazott eljegyz\u00e9si gy\u0171r\u0171k 100 %-ban ellen\u0151rz\u00f6tt dr\u00e1gak\u00f6vekkel k\u00e9sz\u00fclnek, hogy ne \u00e9rjen minket k\u00e9s\u0151bb meglepet\u00e9s. <\/span><\/p>\n<p class=\"MsoListParagraphCxSpMiddle\" style=\"margin: 0in 0in 0.0001pt 0.25in; text-indent: -0.25in;\"><!-- [if !supportLists]--><span lang=\"HU\">10.<span style=\"font-stretch: normal; font-size: 7pt; font-family: 'Times New Roman';\">\u00a0\u00a0\u00a0\u00a0<\/span><\/span><span lang=\"HU\">A gy\u00e9m\u00e1nt megnevez\u00e9se a g\u00f6r\u00f6g Adamas sz\u00f3b\u00f3l sz\u00e1rmazik. Jelent\u00e9se: legy\u0151zhetetlen.<\/span><\/p>\n<p class=\"MsoListParagraphCxSpMiddle\" style=\"margin: 0in 0in 0.0001pt 0.25in; text-indent: -0.25in;\"><!-- [if !supportLists]--><span lang=\"HU\">11.<span style=\"font-stretch: normal; font-size: 7pt; font-family: 'Times New Roman';\">\u00a0\u00a0\u00a0\u00a0<\/span><\/span><span lang=\"HU\">Lengyelorsz\u00e1gban \u00e9s T\u00f6r\u00f6korsz\u00e1gban a jobb k\u00e9z gy\u0171r\u0171s ujj az eljegyz\u00e9si gy\u0171r\u0171 helye.<\/span><\/p>\n<p class=\"MsoListParagraphCxSpMiddle\" style=\"margin: 0in 0in 0.0001pt 0.25in; text-indent: -0.25in;\"><!-- [if !supportLists]--><span lang=\"HU\">12.<span style=\"font-stretch: normal; font-size: 7pt; font-family: 'Times New Roman';\">\u00a0\u00a0\u00a0\u00a0<\/span><\/span><span lang=\"HU\">A r\u00f3maiak az\u00e9rt a bal k\u00e9z gy\u0171r\u0171s ujj\u00e1n viselt\u00e9k az eljegyz\u00e9si gy\u0171r\u0171t, mert elk\u00e9pzel\u00e9s\u00fck szerint ez az ujj k\u00f6zvetlen kapcsolatban \u00e1llt a sz\u00edvvel (vena amoris &#8211; a szerelem v\u00e9n\u00e1ja).<\/span><\/p>\n<p class=\"MsoListParagraphCxSpMiddle\" style=\"margin-left: .25in; mso-add-space: auto; text-indent: -.25in; mso-list: l0 level1 lfo1;\"><span lang=\"HU\">13.<span style=\"font-stretch: normal; font-size: 7pt; font-family: 'Times New Roman';\">\u00a0\u00a0<\/span><\/span><span lang=\"HU\">Egy 2003-ban megk\u00f6t\u00f6tt szigor\u00fa nemzetk\u00f6zi meg\u00e1llapod\u00e1s (The Kimberly Process) miatt m\u00e1ra a piacr\u00f3l teljesen elt\u0171ntek a konfliktus z\u00f3n\u00e1kb\u00f3l sz\u00e1rmaz\u00f3 gy\u00e9m\u00e1ntok. Az eljegyz\u00e9si gy\u0171r\u0171 az \u00f6sszetartoz\u00e1s szimb\u00f3luma, egy igaz\u00e1n sz\u00e9p pillanat \u00e9l benne tov\u00e1bb; ez\u00e9rt fontos tudnunk, hogy a Brillancy \u00e9kszerben kaphat\u00f3 gy\u00e9m\u00e1ntk\u00f6vek garant\u00e1ltan k\u00f6rnyezetbar\u00e1t forr\u00e1sokb\u00f3l, konfliktusmentes k\u00f6rnyezetb\u0151l ker\u00fclnek az \u00e9kszerekbe.<\/span><\/p>\n<p class=\"MsoListParagraphCxSpLast\" style=\"margin-left: .25in; mso-add-space: auto; text-indent: -.25in; mso-list: l0 level1 lfo1;\"><span lang=\"HU\">14.<span style=\"font-stretch: normal; font-size: 7pt; font-family: 'Times New Roman';\">\u00a0\u00a0 <\/span><\/span><!--[endif]--><span lang=\"HU\">A kib\u00e1ny\u00e1szott gy\u00e9m\u00e1ntok kb. 95 %-a ipari vagy k\u00f6zel ipari min\u0151s\u00e9g\u0171. A marad\u00e9k 5 % jelent\u0151s r\u00e9sze ugyan \u00e9kszermin\u0151s\u00e9g\u0171, de als\u00f3bb min\u0151s\u00e9gi kateg\u00f3ri\u00e1ba esik. Kb. az \u00f6ssztermel\u00e9s 1 %-a tartozik olyan \u00e9kszer\u00e9szeti min\u0151s\u00e9gi oszt\u00e1lyba, mely jogosan ker\u00fclhet egy eljegyz\u00e9si gy\u0171r\u0171 foglalat\u00e1ba.<\/span><\/p>\n","protected":false},"excerpt":{"rendered":"<p>Tudtad, hogy India egyes r\u00e9szein az eljegyz\u00e9sre sz\u00e1nt gy\u00e9m\u00e1nt gy\u0171r\u0171k helyett a bichiya-t, azaz l\u00e1bujj gy\u0171r\u0171t hordanak? \u00a01.\u00a0\u00a0A gy\u00e9m\u00e1nt gy\u0171r\u0171 haszn\u00e1lat\u00e1t mitikus legend\u00e1k szerint az Egyiptomiak kezdt\u00e9k el. 3000 \u00e9vvel ezel\u0151tt egy f\u00e1ra\u00f3 k\u00f6r alak\u00fa gy\u0171r\u0171t adott a kedves\u00e9nek. A k\u00f6r a v\u00e9gtelens\u00e9get, \u00f6r\u00f6kk\u00e9val\u00f3s\u00e1got szimboliz\u00e1lta \u00e9s \u00edgy fejezte ki szeretet\u00e9t az im\u00e1dott n\u0151 ir\u00e1nt. 2.\u00a0\u00a0 [&hellip;]<\/p>\n","protected":false},"author":1,"featured_media":0,"comment_status":"open","ping_status":"open","sticky":false,"template":"","format":"standard","meta":{"footnotes":""},"categories":[110],"tags":[],"class_list":["post-5188","post","type-post","status-publish","format-standard","hentry","category-brillancy-ekszermanufaktura-blog"],"yoast_head":"<!-- This site is optimized with the Yoast SEO Premium plugin v27.0 (Yoast SEO v27.4) - https:\/\/yoast.com\/product\/yoast-seo-premium-wordpress\/ -->\n<title>Gy\u00e9m\u00e1nt gy\u0171r\u0171: 14 \u00e9rdekes t\u00e9ny, melyet \u00e9rdemes elolvasnod, ha \u00e9rdekel a t\u00e9ma - Brillancy<\/title>\n<meta name=\"robots\" content=\"index, follow, max-snippet:-1, max-image-preview:large, max-video-preview:-1\" \/>\n<link rel=\"canonical\" href=\"https:\/\/brillancy.hu\/en\/gyemant-gyuru-14-erdekes-teny-melyet-erdemes-elolvasnod-ha-erdekel-a-tema\/\" \/>\n<meta property=\"og:locale\" content=\"en_GB\" \/>\n<meta property=\"og:type\" content=\"article\" \/>\n<meta property=\"og:title\" content=\"Gy\u00e9m\u00e1nt gy\u0171r\u0171: 14 \u00e9rdekes t\u00e9ny, melyet \u00e9rdemes elolvasnod, ha \u00e9rdekel a t\u00e9ma\" \/>\n<meta property=\"og:description\" content=\"Tudtad, hogy India egyes r\u00e9szein az eljegyz\u00e9sre sz\u00e1nt gy\u00e9m\u00e1nt gy\u0171r\u0171k helyett a bichiya-t, azaz l\u00e1bujj gy\u0171r\u0171t hordanak? \u00a01.\u00a0\u00a0A gy\u00e9m\u00e1nt gy\u0171r\u0171 haszn\u00e1lat\u00e1t mitikus legend\u00e1k szerint az Egyiptomiak kezdt\u00e9k el. 3000 \u00e9vvel ezel\u0151tt egy f\u00e1ra\u00f3 k\u00f6r alak\u00fa gy\u0171r\u0171t adott a kedves\u00e9nek. A k\u00f6r a v\u00e9gtelens\u00e9get, \u00f6r\u00f6kk\u00e9val\u00f3s\u00e1got szimboliz\u00e1lta \u00e9s \u00edgy fejezte ki szeretet\u00e9t az im\u00e1dott n\u0151 ir\u00e1nt. 2.\u00a0\u00a0 [&hellip;]\" \/>\n<meta property=\"og:url\" content=\"https:\/\/brillancy.hu\/en\/gyemant-gyuru-14-erdekes-teny-melyet-erdemes-elolvasnod-ha-erdekel-a-tema\/\" \/>\n<meta property=\"og:site_name\" content=\"Brillancy\" \/>\n<meta property=\"article:published_time\" content=\"2024-11-21T18:26:30+00:00\" \/>\n<meta name=\"author\" content=\"Andris Mihalko\" \/>\n<meta name=\"twitter:card\" content=\"summary_large_image\" \/>\n<meta name=\"twitter:label1\" content=\"Written by\" \/>\n\t<meta name=\"twitter:data1\" content=\"Andris Mihalko\" \/>\n\t<meta name=\"twitter:label2\" content=\"Estimated reading time\" \/>\n\t<meta name=\"twitter:data2\" content=\"4 minutes\" \/>\n<script type=\"application\/ld+json\" class=\"yoast-schema-graph\">{\"@context\":\"https:\\\/\\\/schema.org\",\"@graph\":[{\"@type\":\"Article\",\"@id\":\"https:\\\/\\\/brillancy.hu\\\/gyemant-gyuru-14-erdekes-teny-melyet-erdemes-elolvasnod-ha-erdekel-a-tema\\\/#article\",\"isPartOf\":{\"@id\":\"https:\\\/\\\/brillancy.hu\\\/gyemant-gyuru-14-erdekes-teny-melyet-erdemes-elolvasnod-ha-erdekel-a-tema\\\/\"},\"author\":{\"name\":\"Andris Mihalko\",\"@id\":\"https:\\\/\\\/brillancy.hu\\\/#\\\/schema\\\/person\\\/9f0053e70e4820018f4da290b1be43d2\"},\"headline\":\"Gy\u00e9m\u00e1nt gy\u0171r\u0171: 14 \u00e9rdekes t\u00e9ny, melyet \u00e9rdemes elolvasnod, ha \u00e9rdekel a t\u00e9ma\",\"datePublished\":\"2024-11-21T18:26:30+00:00\",\"mainEntityOfPage\":{\"@id\":\"https:\\\/\\\/brillancy.hu\\\/gyemant-gyuru-14-erdekes-teny-melyet-erdemes-elolvasnod-ha-erdekel-a-tema\\\/\"},\"wordCount\":823,\"commentCount\":0,\"articleSection\":[\"Brillancy \u00c9kszermanufakt\u00fara Blog\"],\"inLanguage\":\"en-GB\",\"potentialAction\":[{\"@type\":\"CommentAction\",\"name\":\"Comment\",\"target\":[\"https:\\\/\\\/brillancy.hu\\\/gyemant-gyuru-14-erdekes-teny-melyet-erdemes-elolvasnod-ha-erdekel-a-tema\\\/#respond\"]}]},{\"@type\":\"WebPage\",\"@id\":\"https:\\\/\\\/brillancy.hu\\\/gyemant-gyuru-14-erdekes-teny-melyet-erdemes-elolvasnod-ha-erdekel-a-tema\\\/\",\"url\":\"https:\\\/\\\/brillancy.hu\\\/gyemant-gyuru-14-erdekes-teny-melyet-erdemes-elolvasnod-ha-erdekel-a-tema\\\/\",\"name\":\"Gy\u00e9m\u00e1nt gy\u0171r\u0171: 14 \u00e9rdekes t\u00e9ny, melyet \u00e9rdemes elolvasnod, ha \u00e9rdekel a t\u00e9ma - Brillancy\",\"isPartOf\":{\"@id\":\"https:\\\/\\\/brillancy.hu\\\/#website\"},\"datePublished\":\"2024-11-21T18:26:30+00:00\",\"author\":{\"@id\":\"https:\\\/\\\/brillancy.hu\\\/#\\\/schema\\\/person\\\/9f0053e70e4820018f4da290b1be43d2\"},\"breadcrumb\":{\"@id\":\"https:\\\/\\\/brillancy.hu\\\/gyemant-gyuru-14-erdekes-teny-melyet-erdemes-elolvasnod-ha-erdekel-a-tema\\\/#breadcrumb\"},\"inLanguage\":\"en-GB\",\"potentialAction\":[{\"@type\":\"ReadAction\",\"target\":[\"https:\\\/\\\/brillancy.hu\\\/gyemant-gyuru-14-erdekes-teny-melyet-erdemes-elolvasnod-ha-erdekel-a-tema\\\/\"]}]},{\"@type\":\"BreadcrumbList\",\"@id\":\"https:\\\/\\\/brillancy.hu\\\/gyemant-gyuru-14-erdekes-teny-melyet-erdemes-elolvasnod-ha-erdekel-a-tema\\\/#breadcrumb\",\"itemListElement\":[{\"@type\":\"ListItem\",\"position\":1,\"name\":\"Home\",\"item\":\"https:\\\/\\\/brillancy.hu\\\/\"},{\"@type\":\"ListItem\",\"position\":2,\"name\":\"Gy\u00e9m\u00e1nt gy\u0171r\u0171: 14 \u00e9rdekes t\u00e9ny, melyet \u00e9rdemes elolvasnod, ha \u00e9rdekel a t\u00e9ma\"}]},{\"@type\":\"WebSite\",\"@id\":\"https:\\\/\\\/brillancy.hu\\\/#website\",\"url\":\"https:\\\/\\\/brillancy.hu\\\/\",\"name\":\"Brillancy\",\"description\":\"\",\"potentialAction\":[{\"@type\":\"SearchAction\",\"target\":{\"@type\":\"EntryPoint\",\"urlTemplate\":\"https:\\\/\\\/brillancy.hu\\\/?s={search_term_string}\"},\"query-input\":{\"@type\":\"PropertyValueSpecification\",\"valueRequired\":true,\"valueName\":\"search_term_string\"}}],\"inLanguage\":\"en-GB\"},{\"@type\":\"Person\",\"@id\":\"https:\\\/\\\/brillancy.hu\\\/#\\\/schema\\\/person\\\/9f0053e70e4820018f4da290b1be43d2\",\"name\":\"Andris Mihalko\",\"image\":{\"@type\":\"ImageObject\",\"inLanguage\":\"en-GB\",\"@id\":\"https:\\\/\\\/secure.gravatar.com\\\/avatar\\\/3deb4e8637cec36484fffbd0f9984bf7b3c27e90bcf2b5195e259558ce57b792?s=96&d=mm&r=g\",\"url\":\"https:\\\/\\\/secure.gravatar.com\\\/avatar\\\/3deb4e8637cec36484fffbd0f9984bf7b3c27e90bcf2b5195e259558ce57b792?s=96&d=mm&r=g\",\"contentUrl\":\"https:\\\/\\\/secure.gravatar.com\\\/avatar\\\/3deb4e8637cec36484fffbd0f9984bf7b3c27e90bcf2b5195e259558ce57b792?s=96&d=mm&r=g\",\"caption\":\"Andris Mihalko\"},\"sameAs\":[\"https:\\\/\\\/brillancy.hu\"],\"url\":\"https:\\\/\\\/brillancy.hu\\\/en\\\/author\\\/infoelitring-com\\\/\"}]}<\/script>\n<!-- \/ Yoast SEO Premium plugin. -->","yoast_head_json":{"title":"Gy\u00e9m\u00e1nt gy\u0171r\u0171: 14 \u00e9rdekes t\u00e9ny, melyet \u00e9rdemes elolvasnod, ha \u00e9rdekel a t\u00e9ma - Brillancy","robots":{"index":"index","follow":"follow","max-snippet":"max-snippet:-1","max-image-preview":"max-image-preview:large","max-video-preview":"max-video-preview:-1"},"canonical":"https:\/\/brillancy.hu\/en\/gyemant-gyuru-14-erdekes-teny-melyet-erdemes-elolvasnod-ha-erdekel-a-tema\/","og_locale":"en_GB","og_type":"article","og_title":"Gy\u00e9m\u00e1nt gy\u0171r\u0171: 14 \u00e9rdekes t\u00e9ny, melyet \u00e9rdemes elolvasnod, ha \u00e9rdekel a t\u00e9ma","og_description":"Tudtad, hogy India egyes r\u00e9szein az eljegyz\u00e9sre sz\u00e1nt gy\u00e9m\u00e1nt gy\u0171r\u0171k helyett a bichiya-t, azaz l\u00e1bujj gy\u0171r\u0171t hordanak? \u00a01.\u00a0\u00a0A gy\u00e9m\u00e1nt gy\u0171r\u0171 haszn\u00e1lat\u00e1t mitikus legend\u00e1k szerint az Egyiptomiak kezdt\u00e9k el. 3000 \u00e9vvel ezel\u0151tt egy f\u00e1ra\u00f3 k\u00f6r alak\u00fa gy\u0171r\u0171t adott a kedves\u00e9nek. A k\u00f6r a v\u00e9gtelens\u00e9get, \u00f6r\u00f6kk\u00e9val\u00f3s\u00e1got szimboliz\u00e1lta \u00e9s \u00edgy fejezte ki szeretet\u00e9t az im\u00e1dott n\u0151 ir\u00e1nt. 2.\u00a0\u00a0 [&hellip;]","og_url":"https:\/\/brillancy.hu\/en\/gyemant-gyuru-14-erdekes-teny-melyet-erdemes-elolvasnod-ha-erdekel-a-tema\/","og_site_name":"Brillancy","article_published_time":"2024-11-21T18:26:30+00:00","author":"Andris Mihalko","twitter_card":"summary_large_image","twitter_misc":{"Written by":"Andris Mihalko","Estimated reading time":"4 minutes"},"schema":{"@context":"https:\/\/schema.org","@graph":[{"@type":"Article","@id":"https:\/\/brillancy.hu\/gyemant-gyuru-14-erdekes-teny-melyet-erdemes-elolvasnod-ha-erdekel-a-tema\/#article","isPartOf":{"@id":"https:\/\/brillancy.hu\/gyemant-gyuru-14-erdekes-teny-melyet-erdemes-elolvasnod-ha-erdekel-a-tema\/"},"author":{"name":"Andris Mihalko","@id":"https:\/\/brillancy.hu\/#\/schema\/person\/9f0053e70e4820018f4da290b1be43d2"},"headline":"Gy\u00e9m\u00e1nt gy\u0171r\u0171: 14 \u00e9rdekes t\u00e9ny, melyet \u00e9rdemes elolvasnod, ha \u00e9rdekel a t\u00e9ma","datePublished":"2024-11-21T18:26:30+00:00","mainEntityOfPage":{"@id":"https:\/\/brillancy.hu\/gyemant-gyuru-14-erdekes-teny-melyet-erdemes-elolvasnod-ha-erdekel-a-tema\/"},"wordCount":823,"commentCount":0,"articleSection":["Brillancy \u00c9kszermanufakt\u00fara Blog"],"inLanguage":"en-GB","potentialAction":[{"@type":"CommentAction","name":"Comment","target":["https:\/\/brillancy.hu\/gyemant-gyuru-14-erdekes-teny-melyet-erdemes-elolvasnod-ha-erdekel-a-tema\/#respond"]}]},{"@type":"WebPage","@id":"https:\/\/brillancy.hu\/gyemant-gyuru-14-erdekes-teny-melyet-erdemes-elolvasnod-ha-erdekel-a-tema\/","url":"https:\/\/brillancy.hu\/gyemant-gyuru-14-erdekes-teny-melyet-erdemes-elolvasnod-ha-erdekel-a-tema\/","name":"Gy\u00e9m\u00e1nt gy\u0171r\u0171: 14 \u00e9rdekes t\u00e9ny, melyet \u00e9rdemes elolvasnod, ha \u00e9rdekel a t\u00e9ma - Brillancy","isPartOf":{"@id":"https:\/\/brillancy.hu\/#website"},"datePublished":"2024-11-21T18:26:30+00:00","author":{"@id":"https:\/\/brillancy.hu\/#\/schema\/person\/9f0053e70e4820018f4da290b1be43d2"},"breadcrumb":{"@id":"https:\/\/brillancy.hu\/gyemant-gyuru-14-erdekes-teny-melyet-erdemes-elolvasnod-ha-erdekel-a-tema\/#breadcrumb"},"inLanguage":"en-GB","potentialAction":[{"@type":"ReadAction","target":["https:\/\/brillancy.hu\/gyemant-gyuru-14-erdekes-teny-melyet-erdemes-elolvasnod-ha-erdekel-a-tema\/"]}]},{"@type":"BreadcrumbList","@id":"https:\/\/brillancy.hu\/gyemant-gyuru-14-erdekes-teny-melyet-erdemes-elolvasnod-ha-erdekel-a-tema\/#breadcrumb","itemListElement":[{"@type":"ListItem","position":1,"name":"Home","item":"https:\/\/brillancy.hu\/"},{"@type":"ListItem","position":2,"name":"Gy\u00e9m\u00e1nt gy\u0171r\u0171: 14 \u00e9rdekes t\u00e9ny, melyet \u00e9rdemes elolvasnod, ha \u00e9rdekel a t\u00e9ma"}]},{"@type":"WebSite","@id":"https:\/\/brillancy.hu\/#website","url":"https:\/\/brillancy.hu\/","name":"Brillancy","description":"","potentialAction":[{"@type":"SearchAction","target":{"@type":"EntryPoint","urlTemplate":"https:\/\/brillancy.hu\/?s={search_term_string}"},"query-input":{"@type":"PropertyValueSpecification","valueRequired":true,"valueName":"search_term_string"}}],"inLanguage":"en-GB"},{"@type":"Person","@id":"https:\/\/brillancy.hu\/#\/schema\/person\/9f0053e70e4820018f4da290b1be43d2","name":"Andris Mihalko","image":{"@type":"ImageObject","inLanguage":"en-GB","@id":"https:\/\/secure.gravatar.com\/avatar\/3deb4e8637cec36484fffbd0f9984bf7b3c27e90bcf2b5195e259558ce57b792?s=96&d=mm&r=g","url":"https:\/\/secure.gravatar.com\/avatar\/3deb4e8637cec36484fffbd0f9984bf7b3c27e90bcf2b5195e259558ce57b792?s=96&d=mm&r=g","contentUrl":"https:\/\/secure.gravatar.com\/avatar\/3deb4e8637cec36484fffbd0f9984bf7b3c27e90bcf2b5195e259558ce57b792?s=96&d=mm&r=g","caption":"Andris Mihalko"},"sameAs":["https:\/\/brillancy.hu"],"url":"https:\/\/brillancy.hu\/en\/author\/infoelitring-com\/"}]}},"_links":{"self":[{"href":"https:\/\/brillancy.hu\/en\/wp-json\/wp\/v2\/posts\/5188","targetHints":{"allow":["GET"]}}],"collection":[{"href":"https:\/\/brillancy.hu\/en\/wp-json\/wp\/v2\/posts"}],"about":[{"href":"https:\/\/brillancy.hu\/en\/wp-json\/wp\/v2\/types\/post"}],"author":[{"embeddable":true,"href":"https:\/\/brillancy.hu\/en\/wp-json\/wp\/v2\/users\/1"}],"replies":[{"embeddable":true,"href":"https:\/\/brillancy.hu\/en\/wp-json\/wp\/v2\/comments?post=5188"}],"version-history":[{"count":0,"href":"https:\/\/brillancy.hu\/en\/wp-json\/wp\/v2\/posts\/5188\/revisions"}],"wp:attachment":[{"href":"https:\/\/brillancy.hu\/en\/wp-json\/wp\/v2\/media?parent=5188"}],"wp:term":[{"taxonomy":"category","embeddable":true,"href":"https:\/\/brillancy.hu\/en\/wp-json\/wp\/v2\/categories?post=5188"},{"taxonomy":"post_tag","embeddable":true,"href":"https:\/\/brillancy.hu\/en\/wp-json\/wp\/v2\/tags?post=5188"}],"curies":[{"name":"wp","href":"https:\/\/api.w.org\/{rel}","templated":true}]}}